{"id":11877,"date":"2023-07-05T12:45:57","date_gmt":"2023-07-05T10:45:57","guid":{"rendered":"https:\/\/www.tirena.hr\/aciis-erasmus-project-kick-off-meeting-in-ljubljana\/"},"modified":"2023-07-05T12:45:57","modified_gmt":"2023-07-05T10:45:57","slug":"aciis-erasmus-project-kick-off-meeting-in-ljubljana","status":"publish","type":"post","link":"https:\/\/www.tirena.hr\/en\/aciis-erasmus-project-kick-off-meeting-in-ljubljana\/","title":{"rendered":"ACIIS Erasmus+ project kick off meeting in Ljubljana"},"content":{"rendered":"<p>The kick off meeting for the new Erasmus+ project &#8220;Academy for creative, innovative and inclusive schools&#8221; was held in Ljubljana from June 30th to July 2nd of 2023. Among many other things we planned our first big event which will take place in October in Ljubljana!<\/p>\n<p>Partner organisations:<br \/>\nInnocamp Poland<br \/>\nZavod sv. Stanislava<br \/>\nPedago\u0161ka fakulteta<br \/>\nFilozofska fakulteta<br \/>\nU\u010diteljski fakultet Sveu\u010dili\u0161ta u Zagrebu<br \/>\nP\u00e4dagogische Hochschule Wien &#8211; PH Wien<br \/>\n\u0160kola za odgoj i obrazovanje &#8211; Pula<br \/>\nJSKD &#8211; Javni sklad RS za kulturne dejavnosti<br \/>\nTeatar Tirena<\/p>\n<div class=\"tiled-gallery type-rectangular tiled-gallery-unresized\" data-original-width=\"800\" data-carousel-extra='{&quot;blog_id&quot;:1,&quot;permalink&quot;:&quot;https:\\\/\\\/www.tirena.hr\\\/en\\\/aciis-erasmus-project-kick-off-meeting-in-ljubljana\\\/&quot;,&quot;likes_blog_id&quot;:99713159}' itemscope itemtype=\"http:\/\/schema.org\/ImageGallery\" > <div class=\"gallery-row\" style=\"width: 800px; height: 169px;\" data-original-width=\"800\" data-original-height=\"169\" > <div class=\"gallery-group images-1\" style=\"width: 225px; height: 169px;\" data-original-width=\"225\" data-original-height=\"169\" > <div class=\"tiled-gallery-item tiled-gallery-item-small\" itemprop=\"associatedMedia\" itemscope itemtype=\"http:\/\/schema.org\/ImageObject\"> <a href=\"https:\/\/www.tirena.hr\/en\/aciis-erasmus-project-kick-off-meeting-in-ljubljana\/357442430_937044753998567_6483655003705064318_n-2\/\" border=\"0\" itemprop=\"url\"> <meta itemprop=\"width\" content=\"221\"> <meta itemprop=\"height\" content=\"165\"> <img loading=\"lazy\" decoding=\"async\" class=\"\" data-attachment-id=\"11867\" data-orig-file=\"https:\/\/www.tirena.hr\/wp-content\/uploads\/2023\/07\/357442430_937044753998567_6483655003705064318_n.jpg\" data-orig-size=\"2048,1536\" data-comments-opened=\"\" data-image-meta=\"{&quot;aperture&quot;:&quot;0&quot;,&quot;credit&quot;:&quot;&quot;,&quot;camera&quot;:&quot;&quot;,&quot;caption&quot;:&quot;&quot;,&quot;created_timestamp&quot;:&quot;0&quot;,&quot;copyright&quot;:&quot;&quot;,&quot;focal_length&quot;:&quot;0&quot;,&quot;iso&quot;:&quot;0&quot;,&quot;shutter_speed&quot;:&quot;0&quot;,&quot;title&quot;:&quot;&quot;,&quot;orientation&quot;:&quot;0&quot;}\" data-image-title=\"357442430_937044753998567_6483655003705064318_n\" data-image-description=\"\" data-medium-file=\"https:\/\/i0.wp.com\/www.tirena.hr\/wp-content\/uploads\/2023\/07\/357442430_937044753998567_6483655003705064318_n.jpg?fit=300%2C225&#038;ssl=1\" data-large-file=\"https:\/\/i0.wp.com\/www.tirena.hr\/wp-content\/uploads\/2023\/07\/357442430_937044753998567_6483655003705064318_n.jpg?fit=800%2C600&#038;ssl=1\" src=\"https:\/\/i0.wp.com\/www.tirena.hr\/wp-content\/uploads\/2023\/07\/357442430_937044753998567_6483655003705064318_n.jpg?w=221&#038;h=165&#038;ssl=1\" srcset=\"https:\/\/i0.wp.com\/www.tirena.hr\/wp-content\/uploads\/2023\/07\/357442430_937044753998567_6483655003705064318_n.jpg?w=2048&amp;ssl=1 2048w, https:\/\/i0.wp.com\/www.tirena.hr\/wp-content\/uploads\/2023\/07\/357442430_937044753998567_6483655003705064318_n.jpg?resize=300%2C225&amp;ssl=1 300w, https:\/\/i0.wp.com\/www.tirena.hr\/wp-content\/uploads\/2023\/07\/357442430_937044753998567_6483655003705064318_n.jpg?resize=768%2C576&amp;ssl=1 768w, https:\/\/i0.wp.com\/www.tirena.hr\/wp-content\/uploads\/2023\/07\/357442430_937044753998567_6483655003705064318_n.jpg?resize=600%2C450&amp;ssl=1 600w, https:\/\/i0.wp.com\/www.tirena.hr\/wp-content\/uploads\/2023\/07\/357442430_937044753998567_6483655003705064318_n.jpg?w=1600&amp;ssl=1 1600w\" width=\"221\" height=\"165\" loading=\"lazy\" data-original-width=\"221\" data-original-height=\"165\" itemprop=\"http:\/\/schema.org\/image\" title=\"357442430_937044753998567_6483655003705064318_n\" alt=\"357442430_937044753998567_6483655003705064318_n\" style=\"width: 221px; height: 165px;\" \/> <\/a> <\/div> <\/div> <!-- close group --> <div class=\"gallery-group images-1\" style=\"width: 128px; height: 169px;\" data-original-width=\"128\" data-original-height=\"169\" > <div class=\"tiled-gallery-item tiled-gallery-item-small\" itemprop=\"associatedMedia\" itemscope itemtype=\"http:\/\/schema.org\/ImageObject\"> <a href=\"https:\/\/www.tirena.hr\/en\/aciis-erasmus-project-kick-off-meeting-in-ljubljana\/357552354_937044677331908_1603399458694317208_n-2\/\" border=\"0\" itemprop=\"url\"> <meta itemprop=\"width\" content=\"124\"> <meta itemprop=\"height\" content=\"165\"> <img loading=\"lazy\" decoding=\"async\" class=\"\" data-attachment-id=\"11869\" data-orig-file=\"https:\/\/www.tirena.hr\/wp-content\/uploads\/2023\/07\/357552354_937044677331908_1603399458694317208_n.jpg\" data-orig-size=\"1536,2048\" data-comments-opened=\"\" data-image-meta=\"{&quot;aperture&quot;:&quot;0&quot;,&quot;credit&quot;:&quot;&quot;,&quot;camera&quot;:&quot;&quot;,&quot;caption&quot;:&quot;&quot;,&quot;created_timestamp&quot;:&quot;0&quot;,&quot;copyright&quot;:&quot;&quot;,&quot;focal_length&quot;:&quot;0&quot;,&quot;iso&quot;:&quot;0&quot;,&quot;shutter_speed&quot;:&quot;0&quot;,&quot;title&quot;:&quot;&quot;,&quot;orientation&quot;:&quot;0&quot;}\" data-image-title=\"357552354_937044677331908_1603399458694317208_n\" data-image-description=\"\" data-medium-file=\"https:\/\/i0.wp.com\/www.tirena.hr\/wp-content\/uploads\/2023\/07\/357552354_937044677331908_1603399458694317208_n.jpg?fit=225%2C300&#038;ssl=1\" data-large-file=\"https:\/\/i0.wp.com\/www.tirena.hr\/wp-content\/uploads\/2023\/07\/357552354_937044677331908_1603399458694317208_n.jpg?fit=768%2C1024&#038;ssl=1\" src=\"https:\/\/i0.wp.com\/www.tirena.hr\/wp-content\/uploads\/2023\/07\/357552354_937044677331908_1603399458694317208_n.jpg?w=124&#038;h=165&#038;ssl=1\" srcset=\"https:\/\/i0.wp.com\/www.tirena.hr\/wp-content\/uploads\/2023\/07\/357552354_937044677331908_1603399458694317208_n.jpg?w=1536&amp;ssl=1 1536w, https:\/\/i0.wp.com\/www.tirena.hr\/wp-content\/uploads\/2023\/07\/357552354_937044677331908_1603399458694317208_n.jpg?resize=225%2C300&amp;ssl=1 225w, https:\/\/i0.wp.com\/www.tirena.hr\/wp-content\/uploads\/2023\/07\/357552354_937044677331908_1603399458694317208_n.jpg?resize=768%2C1024&amp;ssl=1 768w, https:\/\/i0.wp.com\/www.tirena.hr\/wp-content\/uploads\/2023\/07\/357552354_937044677331908_1603399458694317208_n.jpg?resize=600%2C800&amp;ssl=1 600w\" width=\"124\" height=\"165\" loading=\"lazy\" data-original-width=\"124\" data-original-height=\"165\" itemprop=\"http:\/\/schema.org\/image\" title=\"357552354_937044677331908_1603399458694317208_n\" alt=\"357552354_937044677331908_1603399458694317208_n\" style=\"width: 124px; height: 165px;\" \/> <\/a> <\/div> <\/div> <!-- close group --> <div class=\"gallery-group images-1\" style=\"width: 224px; height: 169px;\" data-original-width=\"224\" data-original-height=\"169\" > <div class=\"tiled-gallery-item tiled-gallery-item-small\" itemprop=\"associatedMedia\" itemscope itemtype=\"http:\/\/schema.org\/ImageObject\"> <a href=\"https:\/\/www.tirena.hr\/en\/aciis-erasmus-project-kick-off-meeting-in-ljubljana\/357579773_937044777331898_615676820790015055_n-2\/\" border=\"0\" itemprop=\"url\"> <meta itemprop=\"width\" content=\"220\"> <meta itemprop=\"height\" content=\"165\"> <img loading=\"lazy\" decoding=\"async\" class=\"\" data-attachment-id=\"11871\" data-orig-file=\"https:\/\/www.tirena.hr\/wp-content\/uploads\/2023\/07\/357579773_937044777331898_615676820790015055_n.jpg\" data-orig-size=\"2048,1536\" data-comments-opened=\"\" data-image-meta=\"{&quot;aperture&quot;:&quot;0&quot;,&quot;credit&quot;:&quot;&quot;,&quot;camera&quot;:&quot;&quot;,&quot;caption&quot;:&quot;&quot;,&quot;created_timestamp&quot;:&quot;0&quot;,&quot;copyright&quot;:&quot;&quot;,&quot;focal_length&quot;:&quot;0&quot;,&quot;iso&quot;:&quot;0&quot;,&quot;shutter_speed&quot;:&quot;0&quot;,&quot;title&quot;:&quot;&quot;,&quot;orientation&quot;:&quot;0&quot;}\" data-image-title=\"357579773_937044777331898_615676820790015055_n\" data-image-description=\"\" data-medium-file=\"https:\/\/i0.wp.com\/www.tirena.hr\/wp-content\/uploads\/2023\/07\/357579773_937044777331898_615676820790015055_n.jpg?fit=300%2C225&#038;ssl=1\" data-large-file=\"https:\/\/i0.wp.com\/www.tirena.hr\/wp-content\/uploads\/2023\/07\/357579773_937044777331898_615676820790015055_n.jpg?fit=800%2C600&#038;ssl=1\" src=\"https:\/\/i0.wp.com\/www.tirena.hr\/wp-content\/uploads\/2023\/07\/357579773_937044777331898_615676820790015055_n.jpg?w=220&#038;h=165&#038;ssl=1\" srcset=\"https:\/\/i0.wp.com\/www.tirena.hr\/wp-content\/uploads\/2023\/07\/357579773_937044777331898_615676820790015055_n.jpg?w=2048&amp;ssl=1 2048w, https:\/\/i0.wp.com\/www.tirena.hr\/wp-content\/uploads\/2023\/07\/357579773_937044777331898_615676820790015055_n.jpg?resize=300%2C225&amp;ssl=1 300w, https:\/\/i0.wp.com\/www.tirena.hr\/wp-content\/uploads\/2023\/07\/357579773_937044777331898_615676820790015055_n.jpg?resize=768%2C576&amp;ssl=1 768w, https:\/\/i0.wp.com\/www.tirena.hr\/wp-content\/uploads\/2023\/07\/357579773_937044777331898_615676820790015055_n.jpg?resize=600%2C450&amp;ssl=1 600w, https:\/\/i0.wp.com\/www.tirena.hr\/wp-content\/uploads\/2023\/07\/357579773_937044777331898_615676820790015055_n.jpg?w=1600&amp;ssl=1 1600w\" width=\"220\" height=\"165\" loading=\"lazy\" data-original-width=\"220\" data-original-height=\"165\" itemprop=\"http:\/\/schema.org\/image\" title=\"357579773_937044777331898_615676820790015055_n\" alt=\"357579773_937044777331898_615676820790015055_n\" style=\"width: 220px; height: 165px;\" \/> <\/a> <\/div> <\/div> <!-- close group --> <div class=\"gallery-group images-1\" style=\"width: 223px; height: 169px;\" data-original-width=\"223\" data-original-height=\"169\" > <div class=\"tiled-gallery-item tiled-gallery-item-small\" itemprop=\"associatedMedia\" itemscope itemtype=\"http:\/\/schema.org\/ImageObject\"> <a href=\"https:\/\/www.tirena.hr\/en\/aciis-erasmus-project-kick-off-meeting-in-ljubljana\/357687571_937044487331927_6853289595225065552_n-2\/\" border=\"0\" itemprop=\"url\"> <meta itemprop=\"width\" content=\"219\"> <meta itemprop=\"height\" content=\"165\"> <img loading=\"lazy\" decoding=\"async\" class=\"\" data-attachment-id=\"11873\" data-orig-file=\"https:\/\/www.tirena.hr\/wp-content\/uploads\/2023\/07\/357687571_937044487331927_6853289595225065552_n.jpg\" data-orig-size=\"2048,1548\" data-comments-opened=\"\" data-image-meta=\"{&quot;aperture&quot;:&quot;0&quot;,&quot;credit&quot;:&quot;&quot;,&quot;camera&quot;:&quot;&quot;,&quot;caption&quot;:&quot;&quot;,&quot;created_timestamp&quot;:&quot;0&quot;,&quot;copyright&quot;:&quot;&quot;,&quot;focal_length&quot;:&quot;0&quot;,&quot;iso&quot;:&quot;0&quot;,&quot;shutter_speed&quot;:&quot;0&quot;,&quot;title&quot;:&quot;&quot;,&quot;orientation&quot;:&quot;0&quot;}\" data-image-title=\"357687571_937044487331927_6853289595225065552_n\" data-image-description=\"\" data-medium-file=\"https:\/\/i0.wp.com\/www.tirena.hr\/wp-content\/uploads\/2023\/07\/357687571_937044487331927_6853289595225065552_n.jpg?fit=300%2C227&#038;ssl=1\" data-large-file=\"https:\/\/i0.wp.com\/www.tirena.hr\/wp-content\/uploads\/2023\/07\/357687571_937044487331927_6853289595225065552_n.jpg?fit=800%2C605&#038;ssl=1\" src=\"https:\/\/i0.wp.com\/www.tirena.hr\/wp-content\/uploads\/2023\/07\/357687571_937044487331927_6853289595225065552_n.jpg?w=219&#038;h=165&#038;ssl=1\" srcset=\"https:\/\/i0.wp.com\/www.tirena.hr\/wp-content\/uploads\/2023\/07\/357687571_937044487331927_6853289595225065552_n.jpg?w=2048&amp;ssl=1 2048w, https:\/\/i0.wp.com\/www.tirena.hr\/wp-content\/uploads\/2023\/07\/357687571_937044487331927_6853289595225065552_n.jpg?resize=300%2C227&amp;ssl=1 300w, https:\/\/i0.wp.com\/www.tirena.hr\/wp-content\/uploads\/2023\/07\/357687571_937044487331927_6853289595225065552_n.jpg?resize=768%2C581&amp;ssl=1 768w, https:\/\/i0.wp.com\/www.tirena.hr\/wp-content\/uploads\/2023\/07\/357687571_937044487331927_6853289595225065552_n.jpg?resize=600%2C454&amp;ssl=1 600w, https:\/\/i0.wp.com\/www.tirena.hr\/wp-content\/uploads\/2023\/07\/357687571_937044487331927_6853289595225065552_n.jpg?w=1600&amp;ssl=1 1600w\" width=\"219\" height=\"165\" loading=\"lazy\" data-original-width=\"219\" data-original-height=\"165\" itemprop=\"http:\/\/schema.org\/image\" title=\"357687571_937044487331927_6853289595225065552_n\" alt=\"357687571_937044487331927_6853289595225065552_n\" style=\"width: 219px; height: 165px;\" \/> <\/a> <\/div> <\/div> <!-- close group --> <\/div> <!-- close row --> <\/div>\n","protected":false},"excerpt":{"rendered":"<p>The kick off meeting for the new Erasmus+ project &#8220;Academy for creative, innovative and inclusive schools&#8221; in which we are partners was held in Ljubljana.<\/p>\n","protected":false},"author":2,"featured_media":11865,"comment_status":"closed","ping_status":"closed","sticky":false,"template":"","format":"standard","meta":{"_acf_changed":false,"_jetpack_memberships_contains_paid_content":false,"footnotes":""},"categories":[64],"tags":[],"class_list":["post-11877","post","type-post","status-publish","format-standard","has-post-thumbnail","hentry","category-news"],"acf":[],"yoast_head":"<!-- This site is optimized with the Yoast SEO plugin v27.4 - https:\/\/yoast.com\/product\/yoast-seo-wordpress\/ -->\n<title>ACIIS Erasmus+ project kick off meeting in Ljubljana | Teatar Tirena<\/title>\n<meta name=\"description\" content=\"The kick off meeting for the new Erasmus+ project &quot;Academy for creative, innovative and inclusive schools&quot; in which we are partners was held in Ljubljana.\" \/>\n<meta name=\"robots\" content=\"index, follow, max-snippet:-1, max-image-preview:large, max-video-preview:-1\" \/>\n<link rel=\"canonical\" href=\"https:\/\/www.tirena.hr\/en\/aciis-erasmus-project-kick-off-meeting-in-ljubljana\/\" \/>\n<meta property=\"og:locale\" content=\"en_US\" \/>\n<meta property=\"og:type\" content=\"article\" \/>\n<meta property=\"og:title\" content=\"ACIIS Erasmus+ project kick off meeting in Ljubljana | Teatar Tirena\" \/>\n<meta property=\"og:description\" content=\"The kick off meeting for the new Erasmus+ project &quot;Academy for creative, innovative and inclusive schools&quot; in which we are partners was held in Ljubljana.\" \/>\n<meta property=\"og:url\" content=\"https:\/\/www.tirena.hr\/en\/aciis-erasmus-project-kick-off-meeting-in-ljubljana\/\" \/>\n<meta property=\"og:site_name\" content=\"Teatar Tirena\" \/>\n<meta property=\"article:publisher\" content=\"https:\/\/www.facebook.com\/teatartirena\/\" \/>\n<meta property=\"article:published_time\" content=\"2023-07-05T10:45:57+00:00\" \/>\n<meta property=\"og:image\" content=\"https:\/\/i0.wp.com\/www.tirena.hr\/wp-content\/uploads\/2023\/07\/358053516_937044747331901_1251644139879397180_n.jpg?fit=2048%2C1630&ssl=1\" \/>\n\t<meta property=\"og:image:width\" content=\"2048\" \/>\n\t<meta property=\"og:image:height\" content=\"1630\" \/>\n\t<meta property=\"og:image:type\" content=\"image\/jpeg\" \/>\n<meta name=\"author\" content=\"ninahorvat\" \/>\n<meta name=\"twitter:card\" content=\"summary_large_image\" \/>\n<meta name=\"twitter:label1\" content=\"Written by\" \/>\n\t<meta name=\"twitter:data1\" content=\"ninahorvat\" \/>\n<script type=\"application\/ld+json\" class=\"yoast-schema-graph\">{\"@context\":\"https:\\\/\\\/schema.org\",\"@graph\":[{\"@type\":\"Article\",\"@id\":\"https:\\\/\\\/www.tirena.hr\\\/en\\\/aciis-erasmus-project-kick-off-meeting-in-ljubljana\\\/#article\",\"isPartOf\":{\"@id\":\"https:\\\/\\\/www.tirena.hr\\\/en\\\/aciis-erasmus-project-kick-off-meeting-in-ljubljana\\\/\"},\"author\":{\"name\":\"ninahorvat\",\"@id\":\"https:\\\/\\\/www.tirena.hr\\\/en\\\/#\\\/schema\\\/person\\\/2b367d1c440444e0500d07a4d332188f\"},\"headline\":\"ACIIS Erasmus+ project kick off meeting in Ljubljana\",\"datePublished\":\"2023-07-05T10:45:57+00:00\",\"mainEntityOfPage\":{\"@id\":\"https:\\\/\\\/www.tirena.hr\\\/en\\\/aciis-erasmus-project-kick-off-meeting-in-ljubljana\\\/\"},\"wordCount\":101,\"publisher\":{\"@id\":\"https:\\\/\\\/www.tirena.hr\\\/en\\\/#organization\"},\"image\":{\"@id\":\"https:\\\/\\\/www.tirena.hr\\\/en\\\/aciis-erasmus-project-kick-off-meeting-in-ljubljana\\\/#primaryimage\"},\"thumbnailUrl\":\"https:\\\/\\\/i0.wp.com\\\/www.tirena.hr\\\/wp-content\\\/uploads\\\/2023\\\/07\\\/358053516_937044747331901_1251644139879397180_n.jpg?fit=2048%2C1630&ssl=1\",\"articleSection\":[\"News\"],\"inLanguage\":\"en-US\"},{\"@type\":\"WebPage\",\"@id\":\"https:\\\/\\\/www.tirena.hr\\\/en\\\/aciis-erasmus-project-kick-off-meeting-in-ljubljana\\\/\",\"url\":\"https:\\\/\\\/www.tirena.hr\\\/en\\\/aciis-erasmus-project-kick-off-meeting-in-ljubljana\\\/\",\"name\":\"ACIIS Erasmus+ project kick off meeting in Ljubljana | Teatar Tirena\",\"isPartOf\":{\"@id\":\"https:\\\/\\\/www.tirena.hr\\\/en\\\/#website\"},\"primaryImageOfPage\":{\"@id\":\"https:\\\/\\\/www.tirena.hr\\\/en\\\/aciis-erasmus-project-kick-off-meeting-in-ljubljana\\\/#primaryimage\"},\"image\":{\"@id\":\"https:\\\/\\\/www.tirena.hr\\\/en\\\/aciis-erasmus-project-kick-off-meeting-in-ljubljana\\\/#primaryimage\"},\"thumbnailUrl\":\"https:\\\/\\\/i0.wp.com\\\/www.tirena.hr\\\/wp-content\\\/uploads\\\/2023\\\/07\\\/358053516_937044747331901_1251644139879397180_n.jpg?fit=2048%2C1630&ssl=1\",\"datePublished\":\"2023-07-05T10:45:57+00:00\",\"description\":\"The kick off meeting for the new Erasmus+ project \\\"Academy for creative, innovative and inclusive schools\\\" in which we are partners was held in Ljubljana.\",\"breadcrumb\":{\"@id\":\"https:\\\/\\\/www.tirena.hr\\\/en\\\/aciis-erasmus-project-kick-off-meeting-in-ljubljana\\\/#breadcrumb\"},\"inLanguage\":\"en-US\",\"potentialAction\":[{\"@type\":\"ReadAction\",\"target\":[\"https:\\\/\\\/www.tirena.hr\\\/en\\\/aciis-erasmus-project-kick-off-meeting-in-ljubljana\\\/\"]}]},{\"@type\":\"ImageObject\",\"inLanguage\":\"en-US\",\"@id\":\"https:\\\/\\\/www.tirena.hr\\\/en\\\/aciis-erasmus-project-kick-off-meeting-in-ljubljana\\\/#primaryimage\",\"url\":\"https:\\\/\\\/i0.wp.com\\\/www.tirena.hr\\\/wp-content\\\/uploads\\\/2023\\\/07\\\/358053516_937044747331901_1251644139879397180_n.jpg?fit=2048%2C1630&ssl=1\",\"contentUrl\":\"https:\\\/\\\/i0.wp.com\\\/www.tirena.hr\\\/wp-content\\\/uploads\\\/2023\\\/07\\\/358053516_937044747331901_1251644139879397180_n.jpg?fit=2048%2C1630&ssl=1\",\"width\":2048,\"height\":1630},{\"@type\":\"BreadcrumbList\",\"@id\":\"https:\\\/\\\/www.tirena.hr\\\/en\\\/aciis-erasmus-project-kick-off-meeting-in-ljubljana\\\/#breadcrumb\",\"itemListElement\":[{\"@type\":\"ListItem\",\"position\":1,\"name\":\"Home\",\"item\":\"https:\\\/\\\/www.tirena.hr\\\/en\\\/homepage\\\/\"},{\"@type\":\"ListItem\",\"position\":2,\"name\":\"ACIIS Erasmus+ project kick off meeting in Ljubljana\"}]},{\"@type\":\"WebSite\",\"@id\":\"https:\\\/\\\/www.tirena.hr\\\/en\\\/#website\",\"url\":\"https:\\\/\\\/www.tirena.hr\\\/en\\\/\",\"name\":\"Teatar Tirena\",\"description\":\"\",\"publisher\":{\"@id\":\"https:\\\/\\\/www.tirena.hr\\\/en\\\/#organization\"},\"potentialAction\":[{\"@type\":\"SearchAction\",\"target\":{\"@type\":\"EntryPoint\",\"urlTemplate\":\"https:\\\/\\\/www.tirena.hr\\\/en\\\/?s={search_term_string}\"},\"query-input\":{\"@type\":\"PropertyValueSpecification\",\"valueRequired\":true,\"valueName\":\"search_term_string\"}}],\"inLanguage\":\"en-US\"},{\"@type\":\"Organization\",\"@id\":\"https:\\\/\\\/www.tirena.hr\\\/en\\\/#organization\",\"name\":\"Teatar Tirena\",\"url\":\"https:\\\/\\\/www.tirena.hr\\\/en\\\/\",\"logo\":{\"@type\":\"ImageObject\",\"inLanguage\":\"en-US\",\"@id\":\"https:\\\/\\\/www.tirena.hr\\\/en\\\/#\\\/schema\\\/logo\\\/image\\\/\",\"url\":\"https:\\\/\\\/i0.wp.com\\\/www.tirena.hr\\\/wp-content\\\/uploads\\\/2023\\\/10\\\/logo_teatar_tirena.jpg?fit=1156%2C600&ssl=1\",\"contentUrl\":\"https:\\\/\\\/i0.wp.com\\\/www.tirena.hr\\\/wp-content\\\/uploads\\\/2023\\\/10\\\/logo_teatar_tirena.jpg?fit=1156%2C600&ssl=1\",\"width\":1156,\"height\":600,\"caption\":\"Teatar Tirena\"},\"image\":{\"@id\":\"https:\\\/\\\/www.tirena.hr\\\/en\\\/#\\\/schema\\\/logo\\\/image\\\/\"},\"sameAs\":[\"https:\\\/\\\/www.facebook.com\\\/teatartirena\\\/\"]},{\"@type\":\"Person\",\"@id\":\"https:\\\/\\\/www.tirena.hr\\\/en\\\/#\\\/schema\\\/person\\\/2b367d1c440444e0500d07a4d332188f\",\"name\":\"ninahorvat\",\"image\":{\"@type\":\"ImageObject\",\"inLanguage\":\"en-US\",\"@id\":\"https:\\\/\\\/secure.gravatar.com\\\/avatar\\\/9ba9491db40d3e5795225a7ded01afb3951c3091b0cbea0b6acf0d38d0b4328d?s=96&d=mm&r=g\",\"url\":\"https:\\\/\\\/secure.gravatar.com\\\/avatar\\\/9ba9491db40d3e5795225a7ded01afb3951c3091b0cbea0b6acf0d38d0b4328d?s=96&d=mm&r=g\",\"contentUrl\":\"https:\\\/\\\/secure.gravatar.com\\\/avatar\\\/9ba9491db40d3e5795225a7ded01afb3951c3091b0cbea0b6acf0d38d0b4328d?s=96&d=mm&r=g\",\"caption\":\"ninahorvat\"},\"url\":\"https:\\\/\\\/www.tirena.hr\\\/en\\\/author\\\/ninahorvat\\\/\"}]}<\/script>\n<!-- \/ Yoast SEO plugin. -->","yoast_head_json":{"title":"ACIIS Erasmus+ project kick off meeting in Ljubljana | Teatar Tirena","description":"The kick off meeting for the new Erasmus+ project \"Academy for creative, innovative and inclusive schools\" in which we are partners was held in Ljubljana.","robots":{"index":"index","follow":"follow","max-snippet":"max-snippet:-1","max-image-preview":"max-image-preview:large","max-video-preview":"max-video-preview:-1"},"canonical":"https:\/\/www.tirena.hr\/en\/aciis-erasmus-project-kick-off-meeting-in-ljubljana\/","og_locale":"en_US","og_type":"article","og_title":"ACIIS Erasmus+ project kick off meeting in Ljubljana | Teatar Tirena","og_description":"The kick off meeting for the new Erasmus+ project \"Academy for creative, innovative and inclusive schools\" in which we are partners was held in Ljubljana.","og_url":"https:\/\/www.tirena.hr\/en\/aciis-erasmus-project-kick-off-meeting-in-ljubljana\/","og_site_name":"Teatar Tirena","article_publisher":"https:\/\/www.facebook.com\/teatartirena\/","article_published_time":"2023-07-05T10:45:57+00:00","og_image":[{"width":2048,"height":1630,"url":"https:\/\/i0.wp.com\/www.tirena.hr\/wp-content\/uploads\/2023\/07\/358053516_937044747331901_1251644139879397180_n.jpg?fit=2048%2C1630&ssl=1","type":"image\/jpeg"}],"author":"ninahorvat","twitter_card":"summary_large_image","twitter_misc":{"Written by":"ninahorvat"},"schema":{"@context":"https:\/\/schema.org","@graph":[{"@type":"Article","@id":"https:\/\/www.tirena.hr\/en\/aciis-erasmus-project-kick-off-meeting-in-ljubljana\/#article","isPartOf":{"@id":"https:\/\/www.tirena.hr\/en\/aciis-erasmus-project-kick-off-meeting-in-ljubljana\/"},"author":{"name":"ninahorvat","@id":"https:\/\/www.tirena.hr\/en\/#\/schema\/person\/2b367d1c440444e0500d07a4d332188f"},"headline":"ACIIS Erasmus+ project kick off meeting in Ljubljana","datePublished":"2023-07-05T10:45:57+00:00","mainEntityOfPage":{"@id":"https:\/\/www.tirena.hr\/en\/aciis-erasmus-project-kick-off-meeting-in-ljubljana\/"},"wordCount":101,"publisher":{"@id":"https:\/\/www.tirena.hr\/en\/#organization"},"image":{"@id":"https:\/\/www.tirena.hr\/en\/aciis-erasmus-project-kick-off-meeting-in-ljubljana\/#primaryimage"},"thumbnailUrl":"https:\/\/i0.wp.com\/www.tirena.hr\/wp-content\/uploads\/2023\/07\/358053516_937044747331901_1251644139879397180_n.jpg?fit=2048%2C1630&ssl=1","articleSection":["News"],"inLanguage":"en-US"},{"@type":"WebPage","@id":"https:\/\/www.tirena.hr\/en\/aciis-erasmus-project-kick-off-meeting-in-ljubljana\/","url":"https:\/\/www.tirena.hr\/en\/aciis-erasmus-project-kick-off-meeting-in-ljubljana\/","name":"ACIIS Erasmus+ project kick off meeting in Ljubljana | Teatar Tirena","isPartOf":{"@id":"https:\/\/www.tirena.hr\/en\/#website"},"primaryImageOfPage":{"@id":"https:\/\/www.tirena.hr\/en\/aciis-erasmus-project-kick-off-meeting-in-ljubljana\/#primaryimage"},"image":{"@id":"https:\/\/www.tirena.hr\/en\/aciis-erasmus-project-kick-off-meeting-in-ljubljana\/#primaryimage"},"thumbnailUrl":"https:\/\/i0.wp.com\/www.tirena.hr\/wp-content\/uploads\/2023\/07\/358053516_937044747331901_1251644139879397180_n.jpg?fit=2048%2C1630&ssl=1","datePublished":"2023-07-05T10:45:57+00:00","description":"The kick off meeting for the new Erasmus+ project \"Academy for creative, innovative and inclusive schools\" in which we are partners was held in Ljubljana.","breadcrumb":{"@id":"https:\/\/www.tirena.hr\/en\/aciis-erasmus-project-kick-off-meeting-in-ljubljana\/#breadcrumb"},"inLanguage":"en-US","potentialAction":[{"@type":"ReadAction","target":["https:\/\/www.tirena.hr\/en\/aciis-erasmus-project-kick-off-meeting-in-ljubljana\/"]}]},{"@type":"ImageObject","inLanguage":"en-US","@id":"https:\/\/www.tirena.hr\/en\/aciis-erasmus-project-kick-off-meeting-in-ljubljana\/#primaryimage","url":"https:\/\/i0.wp.com\/www.tirena.hr\/wp-content\/uploads\/2023\/07\/358053516_937044747331901_1251644139879397180_n.jpg?fit=2048%2C1630&ssl=1","contentUrl":"https:\/\/i0.wp.com\/www.tirena.hr\/wp-content\/uploads\/2023\/07\/358053516_937044747331901_1251644139879397180_n.jpg?fit=2048%2C1630&ssl=1","width":2048,"height":1630},{"@type":"BreadcrumbList","@id":"https:\/\/www.tirena.hr\/en\/aciis-erasmus-project-kick-off-meeting-in-ljubljana\/#breadcrumb","itemListElement":[{"@type":"ListItem","position":1,"name":"Home","item":"https:\/\/www.tirena.hr\/en\/homepage\/"},{"@type":"ListItem","position":2,"name":"ACIIS Erasmus+ project kick off meeting in Ljubljana"}]},{"@type":"WebSite","@id":"https:\/\/www.tirena.hr\/en\/#website","url":"https:\/\/www.tirena.hr\/en\/","name":"Teatar Tirena","description":"","publisher":{"@id":"https:\/\/www.tirena.hr\/en\/#organization"},"potentialAction":[{"@type":"SearchAction","target":{"@type":"EntryPoint","urlTemplate":"https:\/\/www.tirena.hr\/en\/?s={search_term_string}"},"query-input":{"@type":"PropertyValueSpecification","valueRequired":true,"valueName":"search_term_string"}}],"inLanguage":"en-US"},{"@type":"Organization","@id":"https:\/\/www.tirena.hr\/en\/#organization","name":"Teatar Tirena","url":"https:\/\/www.tirena.hr\/en\/","logo":{"@type":"ImageObject","inLanguage":"en-US","@id":"https:\/\/www.tirena.hr\/en\/#\/schema\/logo\/image\/","url":"https:\/\/i0.wp.com\/www.tirena.hr\/wp-content\/uploads\/2023\/10\/logo_teatar_tirena.jpg?fit=1156%2C600&ssl=1","contentUrl":"https:\/\/i0.wp.com\/www.tirena.hr\/wp-content\/uploads\/2023\/10\/logo_teatar_tirena.jpg?fit=1156%2C600&ssl=1","width":1156,"height":600,"caption":"Teatar Tirena"},"image":{"@id":"https:\/\/www.tirena.hr\/en\/#\/schema\/logo\/image\/"},"sameAs":["https:\/\/www.facebook.com\/teatartirena\/"]},{"@type":"Person","@id":"https:\/\/www.tirena.hr\/en\/#\/schema\/person\/2b367d1c440444e0500d07a4d332188f","name":"ninahorvat","image":{"@type":"ImageObject","inLanguage":"en-US","@id":"https:\/\/secure.gravatar.com\/avatar\/9ba9491db40d3e5795225a7ded01afb3951c3091b0cbea0b6acf0d38d0b4328d?s=96&d=mm&r=g","url":"https:\/\/secure.gravatar.com\/avatar\/9ba9491db40d3e5795225a7ded01afb3951c3091b0cbea0b6acf0d38d0b4328d?s=96&d=mm&r=g","contentUrl":"https:\/\/secure.gravatar.com\/avatar\/9ba9491db40d3e5795225a7ded01afb3951c3091b0cbea0b6acf0d38d0b4328d?s=96&d=mm&r=g","caption":"ninahorvat"},"url":"https:\/\/www.tirena.hr\/en\/author\/ninahorvat\/"}]}},"jetpack_featured_media_url":"https:\/\/i0.wp.com\/www.tirena.hr\/wp-content\/uploads\/2023\/07\/358053516_937044747331901_1251644139879397180_n.jpg?fit=2048%2C1630&ssl=1","jetpack_sharing_enabled":true,"_links":{"self":[{"href":"https:\/\/www.tirena.hr\/en\/wp-json\/wp\/v2\/posts\/11877","targetHints":{"allow":["GET"]}}],"collection":[{"href":"https:\/\/www.tirena.hr\/en\/wp-json\/wp\/v2\/posts"}],"about":[{"href":"https:\/\/www.tirena.hr\/en\/wp-json\/wp\/v2\/types\/post"}],"author":[{"embeddable":true,"href":"https:\/\/www.tirena.hr\/en\/wp-json\/wp\/v2\/users\/2"}],"replies":[{"embeddable":true,"href":"https:\/\/www.tirena.hr\/en\/wp-json\/wp\/v2\/comments?post=11877"}],"version-history":[{"count":0,"href":"https:\/\/www.tirena.hr\/en\/wp-json\/wp\/v2\/posts\/11877\/revisions"}],"wp:featuredmedia":[{"embeddable":true,"href":"https:\/\/www.tirena.hr\/en\/wp-json\/wp\/v2\/media\/11865"}],"wp:attachment":[{"href":"https:\/\/www.tirena.hr\/en\/wp-json\/wp\/v2\/media?parent=11877"}],"wp:term":[{"taxonomy":"category","embeddable":true,"href":"https:\/\/www.tirena.hr\/en\/wp-json\/wp\/v2\/categories?post=11877"},{"taxonomy":"post_tag","embeddable":true,"href":"https:\/\/www.tirena.hr\/en\/wp-json\/wp\/v2\/tags?post=11877"}],"curies":[{"name":"wp","href":"https:\/\/api.w.org\/{rel}","templated":true}]}}